{"id":786,"date":"2019-08-17T04:52:31","date_gmt":"2019-08-17T04:52:31","guid":{"rendered":"https:\/\/www.bajrak.info\/2019\/08\/17\/gent-cakaj-jep-lajmin-per-konvertimin-e-patentave-shqiptare\/"},"modified":"2020-12-17T16:05:19","modified_gmt":"2020-12-17T16:05:19","slug":"gent-cakaj-jep-lajmin-per-konvertimin-e-patentave-shqiptare","status":"publish","type":"post","link":"https:\/\/www.bajrak.info\/sq\/2019\/08\/17\/gent-cakaj-jep-lajmin-per-konvertimin-e-patentave-shqiptare\/","title":{"rendered":"Gent Cakaj jep lajmin p\u00ebr konvertimin e patentave shqiptare"},"content":{"rendered":"\n<p>Ja \u00e7far\u00eb shkruan n\u00eb rrjetet sociale ministri i jashtem n\u00eb detyr\u00eb Gent Cakaj:<\/p>\n\n\n\n<figure class=\"wp-block-image\"><img fetchpriority=\"high\" decoding=\"async\" width=\"2816\" height=\"1878\" src=\"https:\/\/i2.wp.com\/www.bajrak.info\/wp-content\/uploads\/2019\/08\/gent-cakaj-patenta-shqiptare.png?fit=1024%2C683\" alt=\"\" class=\"wp-image-290\" srcset=\"https:\/\/i0.wp.com\/www.bajrak.info\/wp-content\/uploads\/2019\/08\/gent-cakaj-patenta-shqiptare.png?w=2816&amp;ssl=1 2816w, https:\/\/i0.wp.com\/www.bajrak.info\/wp-content\/uploads\/2019\/08\/gent-cakaj-patenta-shqiptare.png?resize=300%2C200&amp;ssl=1 300w, https:\/\/i0.wp.com\/www.bajrak.info\/wp-content\/uploads\/2019\/08\/gent-cakaj-patenta-shqiptare.png?resize=768%2C512&amp;ssl=1 768w, https:\/\/i0.wp.com\/www.bajrak.info\/wp-content\/uploads\/2019\/08\/gent-cakaj-patenta-shqiptare.png?resize=1024%2C683&amp;ssl=1 1024w, https:\/\/i0.wp.com\/www.bajrak.info\/wp-content\/uploads\/2019\/08\/gent-cakaj-patenta-shqiptare.png?resize=1100%2C734&amp;ssl=1 1100w, https:\/\/i0.wp.com\/www.bajrak.info\/wp-content\/uploads\/2019\/08\/gent-cakaj-patenta-shqiptare.png?w=2200&amp;ssl=1 2200w\" sizes=\"(max-width: 1100px) 100vw, 1100px\" \/><\/figure>\n\n\n\n<p>Nj\u00eb lajm shum\u00eb i mir\u00eb p\u00ebr shqiptar\u00ebt n\u00eb Itali&nbsp;?!<\/p>\n\n\n\n<blockquote class=\"wp-block-quote is-layout-flow wp-block-quote-is-layout-flow\"><p>M\u00eb n\u00eb fund mbaroi edhe marr\u00ebveshja ndryshuese p\u00ebr konvertimin e lejeve t\u00eb drejtimit q\u00eb do t\u00eb hyj\u00eb n\u00eb fuqi m\u00eb dat\u00ebn 8 shtator 2019\u00a0<\/p><p>Hyrja n\u00eb fuqi e k\u00ebsaj marr\u00ebveshjeje ndryshuese i vjen n\u00eb ndihm\u00eb shtetasve shqiptar\u00eb rezident\u00eb n\u00eb Itali, pasi b\u00ebn njohjen e modeleve t\u00eb reja t\u00eb lejeve t\u00eb drejtimit t\u00eb l\u00ebshuara nga shteti shqiptar, duke leht\u00ebsuar shpenzimet dhe koh\u00ebn p\u00ebr konvertimin\/pajisjen me leje drejtimi italiane pa kaluar testet teorike e praktike t\u00eb drejtimit t\u00eb automjetit.<\/p><p>Gjithashtu, shtetasit shqiptar\u00eb me lejet e reja t\u00eb drejtimit q\u00eb vizitojn\u00eb e q\u00ebndrojn\u00eb n\u00eb Itali p\u00ebr deri 3 muaj, nuk kan\u00eb nevoj\u00eb t\u00eb pajisen me leje nd\u00ebrkomb\u00ebtare t\u00eb drejtimit t\u00eb automjetit.<\/p><p>Shqip\u00ebria ka nd\u00ebrmarr\u00eb t\u00eb nj\u00ebjtat p\u00ebrpjekje e hapa edhe me shtete t\u00eb tjera evropiane. P\u00ebrgjegj\u00ebsit\u00eb e pal\u00ebs shqiptare jan\u00eb kryer t\u00eb gjitha me p\u00ebrpik\u00ebm\u00ebri! P\u00ebr arsye e procedura t\u00eb brendshme t\u00eb k\u00ebtyre shteteve ato nuk jan\u00eb p\u00ebrfunduar ende.<\/p><p>Ministria e Jashtme do t\u00eb vijoj\u00eb t\u00eb nxis\u00eb realizimin e marr\u00ebveshjeve t\u00eb tilla edhe me k\u00ebto vende duke i ardhur sa m\u00eb shum\u00eb n\u00eb ndihm\u00eb bashk\u00ebkombasve tan\u00eb n\u00ebp\u00ebr bot\u00eb\u00a0<br>?\u270c!<\/p><\/blockquote>\n\n\n\n<p><\/p>\n\n\n\n<p>Sapo t\u00eb kemi risi do ti bejm\u00eb publike, nd\u00ebrkoh\u00eb <strong>udh\u00ebtoni me kujdes<\/strong> \u00e7far\u00eb do lloj qoft\u00eb patenta juaj \ud83d\ude42 akoma m\u00eb shum\u00eb kujdes t\u00eb b\u00ebjn\u00eb ata q\u00eb kan\u00eb v\u00ebsht\u00ebrsi t\u00eb b\u00ebjn\u00eb patenten n\u00eb Itali \ud83d\ude42<\/p>\n\n\n\n<p><em><strong>A e ke v\u00ebn\u00eb re se kushdo q\u00eb e nget makin\u00ebn m\u00eb ngadal\u00eb se ti \u00ebsht\u00eb budalla, por kushdo q\u00eb e nget m\u00eb shpejt \u00ebsht\u00eb i \u00e7mendur?<\/strong> George Carlin<\/em><\/p>\n","protected":false},"excerpt":{"rendered":"<p>Ja \u00e7far\u00eb shkruan n\u00eb rrjetet sociale ministri i jashtem n\u00eb detyr\u00eb Gent Cakaj: Nj\u00eb lajm shum\u00eb i mir\u00eb p\u00ebr shqiptar\u00ebt n\u00eb Itali&nbsp;?! M\u00eb n\u00eb fund mbaroi edhe marr\u00ebveshja ndryshuese p\u00ebr konvertimin e lejeve t\u00eb drejtimit q\u00eb do t\u00eb hyj\u00eb n\u00eb fuqi m\u00eb dat\u00ebn 8 shtator 2019\u00a0 Hyrja n\u00eb fuqi e k\u00ebsaj marr\u00ebveshjeje ndryshuese i vjen &hellip; <a href=\"https:\/\/www.bajrak.info\/sq\/2019\/08\/17\/gent-cakaj-jep-lajmin-per-konvertimin-e-patentave-shqiptare\/\" class=\"more-link\">Continue reading <span class=\"screen-reader-text\">Gent Cakaj jep lajmin p\u00ebr konvertimin e patentave shqiptare<\/span> <span class=\"meta-nav\">&rarr;<\/span><\/a><\/p>\n","protected":false},"author":1,"featured_media":0,"comment_status":"open","ping_status":"open","sticky":false,"template":"","format":"standard","meta":{"advanced_seo_description":"","jetpack_seo_html_title":"","jetpack_seo_noindex":false,"jetpack_post_was_ever_published":false,"_jetpack_newsletter_access":"","_jetpack_dont_email_post_to_subs":false,"_jetpack_newsletter_tier_id":0,"_jetpack_memberships_contains_paywalled_content":false,"_jetpack_memberships_contains_paid_content":false,"footnotes":"","jetpack_publicize_message":"","jetpack_publicize_feature_enabled":true,"jetpack_social_post_already_shared":false,"jetpack_social_options":{"image_generator_settings":{"template":"highway","default_image_id":0,"font":"","enabled":false},"version":2}},"categories":[169],"tags":[],"class_list":["post-786","post","type-post","status-publish","format-standard","hentry","category-shko-sq","has-post-thumbnail","fallback-thumbnail"],"jetpack_publicize_connections":[],"jetpack_featured_media_url":"","jetpack_shortlink":"https:\/\/wp.me\/paTA3x-cG","jetpack_sharing_enabled":true,"jetpack_likes_enabled":true,"_links":{"self":[{"href":"https:\/\/www.bajrak.info\/sq\/wp-json\/wp\/v2\/posts\/786","targetHints":{"allow":["GET"]}}],"collection":[{"href":"https:\/\/www.bajrak.info\/sq\/wp-json\/wp\/v2\/posts"}],"about":[{"href":"https:\/\/www.bajrak.info\/sq\/wp-json\/wp\/v2\/types\/post"}],"author":[{"embeddable":true,"href":"https:\/\/www.bajrak.info\/sq\/wp-json\/wp\/v2\/users\/1"}],"replies":[{"embeddable":true,"href":"https:\/\/www.bajrak.info\/sq\/wp-json\/wp\/v2\/comments?post=786"}],"version-history":[{"count":1,"href":"https:\/\/www.bajrak.info\/sq\/wp-json\/wp\/v2\/posts\/786\/revisions"}],"predecessor-version":[{"id":814,"href":"https:\/\/www.bajrak.info\/sq\/wp-json\/wp\/v2\/posts\/786\/revisions\/814"}],"wp:attachment":[{"href":"https:\/\/www.bajrak.info\/sq\/wp-json\/wp\/v2\/media?parent=786"}],"wp:term":[{"taxonomy":"category","embeddable":true,"href":"https:\/\/www.bajrak.info\/sq\/wp-json\/wp\/v2\/categories?post=786"},{"taxonomy":"post_tag","embeddable":true,"href":"https:\/\/www.bajrak.info\/sq\/wp-json\/wp\/v2\/tags?post=786"}],"curies":[{"name":"wp","href":"https:\/\/api.w.org\/{rel}","templated":true}]}}