{"id":774,"date":"2020-03-12T19:10:10","date_gmt":"2020-03-12T19:10:10","guid":{"rendered":"https:\/\/www.bajrak.info\/2020\/03\/12\/njoftim-i-rendesishem-per-pasagjeret-e-prekur-nga-anulimi-i-fluturimeve\/"},"modified":"2020-12-17T16:01:29","modified_gmt":"2020-12-17T16:01:29","slug":"njoftim-i-rendesishem-per-pasagjeret-e-prekur-nga-anulimi-i-fluturimeve","status":"publish","type":"post","link":"https:\/\/www.bajrak.info\/sq\/2020\/03\/12\/njoftim-i-rendesishem-per-pasagjeret-e-prekur-nga-anulimi-i-fluturimeve\/","title":{"rendered":"Njoftim i r\u00ebnd\u00ebsish\u00ebm p\u00ebr pasagjer\u00ebt e prekur nga anulimi i fluturimeve"},"content":{"rendered":"\n<p>Njoftim i r\u00ebnd\u00ebsish\u00ebm p\u00ebr pasagjer\u00ebt e prekur nga anulimi i fluturimeve n\u00eb kuad\u00ebr t\u00eb masave parandaluese kund\u00ebr COVID-19 ? <\/p>\n\n\n\n<p> Autoriteti i Aviacionit Civil (AAC) informon t\u00eb gjith\u00eb pasagjer\u00ebt e  prekur nga anulimi i fluturimeve, p\u00ebr shkak t\u00eb masave t\u00eb marra n\u00eb kuad\u00ebr  t\u00eb parandalimit t\u00eb p\u00ebrhapjes s\u00eb COVID-19, se sipas parashikimeve t\u00eb  Udh\u00ebzimit Nr. 01, dat\u00eb 26.02.2013, \u201cP\u00ebr Kompensimin dhe Asistenc\u00ebn e  Pasagjer\u00ebve n\u00eb Rastin e Mospranimit n\u00eb Bord t\u00eb Avionit dhe Anulimit ose Vones\u00ebs Gjat\u00eb Fluturimeve&#8221; pasagjer\u00ebt:<\/p>\n\n\n\n<p> ? Kan\u00eb t\u00eb drejt\u00ebn e nj\u00eb itinerari t\u00eb ri (nj\u00eb bilete t\u00eb re t\u00eb m\u00ebvonshme) nga ana e kompanis\u00eb <br> OSE<br> ? Kan\u00eb t\u00eb drejt\u00ebn e rimbursimit t\u00eb \u00e7mimit t\u00eb plot\u00eb t\u00eb blerjes s\u00eb bilet\u00ebs nga ana e kompanis\u00eb me t\u00eb cil\u00ebn kan\u00eb prer\u00eb bilet\u00ebn.<\/p>\n\n\n\n<p> P\u00ebr t\u00eb p\u00ebrfituar t\u00eb drejt\u00ebn e tyre, n\u00eb nj\u00eb nga m\u00ebnyrat e detajuara m\u00eb  sip\u00ebr, pasagjer\u00ebt duhet t\u00eb vendosin kontakt me kompanin\u00eb ajrore me email  ? ose telefon \u260e\ufe0f<\/p>\n\n\n\n<p> N\u00eb rastet e mos-p\u00ebrgjigjes nga kompania \u2b55\ufe0f,\n pasagjer\u00ebt kan\u00eb t\u00eb drejt\u00eb t\u2019i drejtohen Autoritetit t\u00eb Aviacionit \nCivil, n\u00eb cil\u00ebsin\u00eb e autoriteti kompetent p\u00ebr zbatimin e udh\u00ebzimit t\u00eb t\u00eb\n drejtave t\u00eb pasagjer\u00ebve.<\/p>\n\n\n\n<p> AAC, pas marrjes s\u00eb njoftimit \n(reklamimit t\u00eb problematik\u00ebs me nj\u00eb nga kompanit\u00eb) nga pasagjeri, \nmenj\u00ebher\u00eb do t\u00eb merr masa t\u00eb nevojshme p\u00ebr t\u00eb siguruar respektimin e t\u00eb \ndrejtave t\u00eb tyre dhe do t\u00eb mbaj\u00eb \u00e7do pasagjer t\u00eb informuar p\u00ebr statusin e\n \u00e7\u00ebshtjes s\u00eb tyre. <\/p>\n\n\n\n<p> Adresa ku duhet t\u00eb kontaktohet me autoritetin \u00ebsht\u00eb pax@acaa.gov.al \u2705<\/p>\n\n\n\n<p> P\u00ebrfitojm\u00eb nga ky komunikim p\u00ebr t\u2019i b\u00ebr\u00eb edhe nj\u00ebher\u00eb thirrje t\u00eb gjith\u00eb qytetar\u00ebve t\u00eb zbatojn\u00eb k\u00ebshillat parandaluese \u274c?\u274c t\u00eb dh\u00ebna nga autoritetet sh\u00ebndet\u00ebsore ? p\u00ebr parandalimin e p\u00ebrhapjes s\u00eb COVID-19 ?<\/p>\n\n\n\n<p> (Burimi : Autoriteti i Aviacionit Civil )<\/p>\n\n\n\n<figure class=\"wp-block-image size-large\"><img data-recalc-dims=\"1\" fetchpriority=\"high\" decoding=\"async\" width=\"1024\" height=\"683\" src=\"https:\/\/i0.wp.com\/www.bajrak.info\/wp-content\/uploads\/2019\/05\/2019-05-11-23-34-58_front.png?resize=1024%2C683&#038;ssl=1\" alt=\"\" class=\"wp-image-705\" srcset=\"https:\/\/i0.wp.com\/www.bajrak.info\/wp-content\/uploads\/2019\/05\/2019-05-11-23-34-58_front.png?resize=1024%2C683&amp;ssl=1 1024w, https:\/\/i0.wp.com\/www.bajrak.info\/wp-content\/uploads\/2019\/05\/2019-05-11-23-34-58_front.png?resize=300%2C200&amp;ssl=1 300w, https:\/\/i0.wp.com\/www.bajrak.info\/wp-content\/uploads\/2019\/05\/2019-05-11-23-34-58_front.png?resize=768%2C512&amp;ssl=1 768w, https:\/\/i0.wp.com\/www.bajrak.info\/wp-content\/uploads\/2019\/05\/2019-05-11-23-34-58_front.png?resize=1100%2C734&amp;ssl=1 1100w, https:\/\/i0.wp.com\/www.bajrak.info\/wp-content\/uploads\/2019\/05\/2019-05-11-23-34-58_front.png?w=2200&amp;ssl=1 2200w\" sizes=\"(max-width: 1024px) 100vw, 1024px\" \/><\/figure>\n\n\n\n<blockquote class=\"wp-block-quote is-layout-flow wp-block-quote-is-layout-flow\"><p>Asnj\u00eb shoq\u00ebri nuk mund t\u00eb jet\u00eb e lumtur n\u00ebse pjesa d\u00ebrrmuese e saj \u00ebsht\u00eb e varf\u00ebr dhe e mjerueshme.<\/p><cite>  Adam Smith <\/cite><\/blockquote>\n","protected":false},"excerpt":{"rendered":"<p>Njoftim i r\u00ebnd\u00ebsish\u00ebm p\u00ebr pasagjer\u00ebt e prekur nga anulimi i fluturimeve n\u00eb kuad\u00ebr t\u00eb masave parandaluese kund\u00ebr COVID-19 ? Autoriteti i Aviacionit Civil (AAC) informon t\u00eb gjith\u00eb pasagjer\u00ebt e prekur nga anulimi i fluturimeve, p\u00ebr shkak t\u00eb masave t\u00eb marra n\u00eb kuad\u00ebr t\u00eb parandalimit t\u00eb p\u00ebrhapjes s\u00eb COVID-19, se sipas parashikimeve t\u00eb Udh\u00ebzimit Nr. 01, &hellip; <a href=\"https:\/\/www.bajrak.info\/sq\/2020\/03\/12\/njoftim-i-rendesishem-per-pasagjeret-e-prekur-nga-anulimi-i-fluturimeve\/\" class=\"more-link\">Continue reading <span class=\"screen-reader-text\">Njoftim i r\u00ebnd\u00ebsish\u00ebm p\u00ebr pasagjer\u00ebt e prekur nga anulimi i fluturimeve<\/span> <span class=\"meta-nav\">&rarr;<\/span><\/a><\/p>\n","protected":false},"author":1,"featured_media":0,"comment_status":"open","ping_status":"open","sticky":false,"template":"","format":"standard","meta":{"advanced_seo_description":"","jetpack_seo_html_title":"","jetpack_seo_noindex":false,"jetpack_post_was_ever_published":false,"_jetpack_newsletter_access":"","_jetpack_dont_email_post_to_subs":false,"_jetpack_newsletter_tier_id":0,"_jetpack_memberships_contains_paywalled_content":false,"_jetpack_memberships_contains_paid_content":false,"footnotes":"","jetpack_publicize_message":"","jetpack_publicize_feature_enabled":true,"jetpack_social_post_already_shared":false,"jetpack_social_options":{"image_generator_settings":{"template":"highway","default_image_id":0,"font":"","enabled":false},"version":2}},"categories":[169],"tags":[],"class_list":["post-774","post","type-post","status-publish","format-standard","hentry","category-shko-sq","has-post-thumbnail","fallback-thumbnail"],"jetpack_publicize_connections":[],"jetpack_featured_media_url":"","jetpack_shortlink":"https:\/\/wp.me\/paTA3x-cu","jetpack_sharing_enabled":true,"jetpack_likes_enabled":true,"_links":{"self":[{"href":"https:\/\/www.bajrak.info\/sq\/wp-json\/wp\/v2\/posts\/774","targetHints":{"allow":["GET"]}}],"collection":[{"href":"https:\/\/www.bajrak.info\/sq\/wp-json\/wp\/v2\/posts"}],"about":[{"href":"https:\/\/www.bajrak.info\/sq\/wp-json\/wp\/v2\/types\/post"}],"author":[{"embeddable":true,"href":"https:\/\/www.bajrak.info\/sq\/wp-json\/wp\/v2\/users\/1"}],"replies":[{"embeddable":true,"href":"https:\/\/www.bajrak.info\/sq\/wp-json\/wp\/v2\/comments?post=774"}],"version-history":[{"count":1,"href":"https:\/\/www.bajrak.info\/sq\/wp-json\/wp\/v2\/posts\/774\/revisions"}],"predecessor-version":[{"id":802,"href":"https:\/\/www.bajrak.info\/sq\/wp-json\/wp\/v2\/posts\/774\/revisions\/802"}],"wp:attachment":[{"href":"https:\/\/www.bajrak.info\/sq\/wp-json\/wp\/v2\/media?parent=774"}],"wp:term":[{"taxonomy":"category","embeddable":true,"href":"https:\/\/www.bajrak.info\/sq\/wp-json\/wp\/v2\/categories?post=774"},{"taxonomy":"post_tag","embeddable":true,"href":"https:\/\/www.bajrak.info\/sq\/wp-json\/wp\/v2\/tags?post=774"}],"curies":[{"name":"wp","href":"https:\/\/api.w.org\/{rel}","templated":true}]}}