{"id":527,"date":"2020-04-02T10:31:14","date_gmt":"2020-04-02T10:31:14","guid":{"rendered":"http:\/\/www.bajrak.info\/?p=527"},"modified":"2020-12-17T16:39:05","modified_gmt":"2020-12-17T16:39:05","slug":"emergjenca-covid19-njoftim-per-qytetaret-bllokuar-jashte-rsh-se","status":"publish","type":"post","link":"https:\/\/www.bajrak.info\/sq\/2020\/04\/02\/emergjenca-covid19-njoftim-per-qytetaret-bllokuar-jashte-rsh-se\/","title":{"rendered":"Emergjenca COVID19 \\ Njoftim p\u00ebr qytetar\u00ebt bllokuar jasht\u00eb RSH-s\u00eb"},"content":{"rendered":"\n<p>\u203c\ufe0f&nbsp;Njoftim drejtuar gjith\u00eb qytetar\u00ebve shqiptar\u00eb q\u00eb p\u00ebr shkak t\u00eb COVID-19, kan\u00eb ngelur t\u00eb bllokuar jasht\u00eb RSH-s\u00eb.<\/p>\n\n\n\n<p>Ministria p\u00ebr Evrop\u00ebn dhe Pun\u00ebt e Jashtme, b\u00ebn me dije t\u00eb gjith\u00eb qytetar\u00ebt shqiptar\u00eb t\u00eb cil\u00ebt nuk arrit\u00ebn t\u00eb ishin pjes\u00eb e planit t\u00eb riatdhesimit, se dje plani \u00ebsht\u00eb mbyllur me fluturimin e b\u00ebr\u00eb nga Roma.<\/p>\n\n\n\n<p>Gjithashtu, ju b\u00ebjm\u00eb me dije se jan\u00eb riatdhesuar t\u00eb gjitha rastet emergjente, t\u00eb cilat jan\u00eb vler\u00ebsuar me rigorozitet nga P\u00ebrfaq\u00ebsit\u00eb e RSH-s\u00eb n\u00eb bot\u00eb.<\/p>\n\n\n\n<p>\u203c\ufe0f&nbsp;Duke nisur nga sot, dat\u00eb 2 prill 2020, t\u00eb gjith\u00eb qytetar\u00ebt e mbetur t\u00eb bllokuar, duhet t\u2019i drejtohen VET\u00cbM Nj\u00ebsis\u00eb s\u00eb Emergjenc\u00ebs, t\u00eb ngritur n\u00eb MEPJ, n\u00eb numrat e emergjenc\u00ebs, si m\u00eb posht\u00eb, ose n\u00eb adresat e e email-it:<\/p>\n\n\n\n<p>?&nbsp;emergjencat@mfa.gov.al;<br>?&nbsp;dk@mfa.gov.al.<\/p>\n\n\n\n<p>Numrat e vendosur n\u00eb dispozicion mund t\u2019i kontaktoni nga ora 09:00-17:00.<\/p>\n\n\n\n<p>?&nbsp;00355694045503<br>?&nbsp;00355694045502<br>?&nbsp;00355694045500<br>?&nbsp;00355694045498<br>?&nbsp;00355694045495<br>?&nbsp;00355694045505<br>?&nbsp;00355694045501<br>?&nbsp;00355694045499<br>?&nbsp;00355694045497<br>?&nbsp;00355694045496<\/p>\n\n\n\n<p>Numrat e vendosur n\u00eb dispozicion mund t\u2019i kontaktoni nga ora 08:00-20:00.<\/p>\n\n\n\n<p>?&nbsp;00355694045493<br>?&nbsp;00355694045487<br>?&nbsp;00355694045492<br>?&nbsp;00355694045494<br>?&nbsp;00355694045489<br>?&nbsp;00355694045486<br>?&nbsp;00355694045490<br>?&nbsp;00355694045491<br>?&nbsp;00355694045485<br>?&nbsp;00355694045488<\/p>\n\n\n\n<p>\u2757\ufe0fMinistria p\u00ebr Evrop\u00ebn dhe Pun\u00ebt e Jashtme, ju siguron q\u00eb \u00e7do qytetar i cili do t\u00eb komunikoj\u00eb me Nj\u00ebsin\u00eb e Emergjenc\u00ebs ( n\u00eb numrat e v\u00ebn\u00eb n\u00eb dispozicion ose n\u00ebp\u00ebrmjet email-it) do t\u00eb marr\u00eb p\u00ebrgjigje!<\/p>\n\n\n\n<p>(burimi:  FB Ministria p\u00ebr Evrop\u00ebn dhe Pun\u00ebt e Jashtme)<\/p>\n\n\n\n<figure class=\"wp-block-image size-large\"><img fetchpriority=\"high\" decoding=\"async\" width=\"2816\" height=\"1878\" src=\"https:\/\/i0.wp.com\/www.bajrak.info\/wp-content\/uploads\/2020\/04\/Ministria-p\u00ebr-Evrop\u00ebn-dhe-Pun\u00ebt-e-Jashtme.png?fit=1024%2C683\" alt=\"\" class=\"wp-image-528\" srcset=\"https:\/\/i0.wp.com\/www.bajrak.info\/wp-content\/uploads\/2020\/04\/Ministria-p%C3%ABr-Evrop%C3%ABn-dhe-Pun%C3%ABt-e-Jashtme.png?w=2816&amp;ssl=1 2816w, https:\/\/i0.wp.com\/www.bajrak.info\/wp-content\/uploads\/2020\/04\/Ministria-p%C3%ABr-Evrop%C3%ABn-dhe-Pun%C3%ABt-e-Jashtme.png?resize=300%2C200&amp;ssl=1 300w, https:\/\/i0.wp.com\/www.bajrak.info\/wp-content\/uploads\/2020\/04\/Ministria-p%C3%ABr-Evrop%C3%ABn-dhe-Pun%C3%ABt-e-Jashtme.png?resize=1024%2C683&amp;ssl=1 1024w, https:\/\/i0.wp.com\/www.bajrak.info\/wp-content\/uploads\/2020\/04\/Ministria-p%C3%ABr-Evrop%C3%ABn-dhe-Pun%C3%ABt-e-Jashtme.png?resize=768%2C512&amp;ssl=1 768w, https:\/\/i0.wp.com\/www.bajrak.info\/wp-content\/uploads\/2020\/04\/Ministria-p%C3%ABr-Evrop%C3%ABn-dhe-Pun%C3%ABt-e-Jashtme.png?resize=1536%2C1024&amp;ssl=1 1536w, https:\/\/i0.wp.com\/www.bajrak.info\/wp-content\/uploads\/2020\/04\/Ministria-p%C3%ABr-Evrop%C3%ABn-dhe-Pun%C3%ABt-e-Jashtme.png?resize=2048%2C1366&amp;ssl=1 2048w, https:\/\/i0.wp.com\/www.bajrak.info\/wp-content\/uploads\/2020\/04\/Ministria-p%C3%ABr-Evrop%C3%ABn-dhe-Pun%C3%ABt-e-Jashtme.png?resize=1100%2C734&amp;ssl=1 1100w, https:\/\/i0.wp.com\/www.bajrak.info\/wp-content\/uploads\/2020\/04\/Ministria-p%C3%ABr-Evrop%C3%ABn-dhe-Pun%C3%ABt-e-Jashtme.png?w=2200&amp;ssl=1 2200w\" sizes=\"(max-width: 1100px) 100vw, 1100px\" \/><\/figure>\n\n\n\n<blockquote class=\"wp-block-quote is-layout-flow wp-block-quote-is-layout-flow\"><p>U mbyt, pasi kishte turp t\u00eb k\u00ebrkonte ndihm\u00eb.   <\/p><cite><em>Marcello Marchesi<\/em><\/cite><\/blockquote>\n","protected":false},"excerpt":{"rendered":"<p>\u203c\ufe0f&nbsp;Njoftim drejtuar gjith\u00eb qytetar\u00ebve shqiptar\u00eb q\u00eb p\u00ebr shkak t\u00eb COVID-19, kan\u00eb ngelur t\u00eb bllokuar jasht\u00eb RSH-s\u00eb. Ministria p\u00ebr Evrop\u00ebn dhe Pun\u00ebt e Jashtme, b\u00ebn me dije t\u00eb gjith\u00eb qytetar\u00ebt shqiptar\u00eb t\u00eb cil\u00ebt nuk arrit\u00ebn t\u00eb ishin pjes\u00eb e planit t\u00eb riatdhesimit, se dje plani \u00ebsht\u00eb mbyllur me fluturimin e b\u00ebr\u00eb nga Roma. Gjithashtu, ju b\u00ebjm\u00eb &hellip; <a href=\"https:\/\/www.bajrak.info\/sq\/2020\/04\/02\/emergjenca-covid19-njoftim-per-qytetaret-bllokuar-jashte-rsh-se\/\" class=\"more-link\">Continue reading <span class=\"screen-reader-text\">Emergjenca COVID19 \\ Njoftim p\u00ebr qytetar\u00ebt bllokuar jasht\u00eb RSH-s\u00eb<\/span> <span class=\"meta-nav\">&rarr;<\/span><\/a><\/p>\n","protected":false},"author":1,"featured_media":0,"comment_status":"open","ping_status":"open","sticky":false,"template":"","format":"standard","meta":{"advanced_seo_description":"","jetpack_seo_html_title":"","jetpack_seo_noindex":false,"jetpack_post_was_ever_published":false,"_jetpack_newsletter_access":"","_jetpack_dont_email_post_to_subs":false,"_jetpack_newsletter_tier_id":0,"_jetpack_memberships_contains_paywalled_content":false,"_jetpack_memberships_contains_paid_content":false,"footnotes":"","jetpack_publicize_message":"","jetpack_publicize_feature_enabled":true,"jetpack_social_post_already_shared":true,"jetpack_social_options":{"image_generator_settings":{"template":"highway","default_image_id":0,"font":"","enabled":false},"version":2}},"categories":[169],"tags":[174],"class_list":["post-527","post","type-post","status-publish","format-standard","hentry","category-shko-sq","tag-ministria-per-evropen-dhe-punet-e-jashtme-sq","has-post-thumbnail","fallback-thumbnail"],"jetpack_publicize_connections":[],"jetpack_featured_media_url":"","jetpack_shortlink":"https:\/\/wp.me\/paTA3x-8v","jetpack_sharing_enabled":true,"jetpack_likes_enabled":true,"_links":{"self":[{"href":"https:\/\/www.bajrak.info\/sq\/wp-json\/wp\/v2\/posts\/527","targetHints":{"allow":["GET"]}}],"collection":[{"href":"https:\/\/www.bajrak.info\/sq\/wp-json\/wp\/v2\/posts"}],"about":[{"href":"https:\/\/www.bajrak.info\/sq\/wp-json\/wp\/v2\/types\/post"}],"author":[{"embeddable":true,"href":"https:\/\/www.bajrak.info\/sq\/wp-json\/wp\/v2\/users\/1"}],"replies":[{"embeddable":true,"href":"https:\/\/www.bajrak.info\/sq\/wp-json\/wp\/v2\/comments?post=527"}],"version-history":[{"count":1,"href":"https:\/\/www.bajrak.info\/sq\/wp-json\/wp\/v2\/posts\/527\/revisions"}],"predecessor-version":[{"id":529,"href":"https:\/\/www.bajrak.info\/sq\/wp-json\/wp\/v2\/posts\/527\/revisions\/529"}],"wp:attachment":[{"href":"https:\/\/www.bajrak.info\/sq\/wp-json\/wp\/v2\/media?parent=527"}],"wp:term":[{"taxonomy":"category","embeddable":true,"href":"https:\/\/www.bajrak.info\/sq\/wp-json\/wp\/v2\/categories?post=527"},{"taxonomy":"post_tag","embeddable":true,"href":"https:\/\/www.bajrak.info\/sq\/wp-json\/wp\/v2\/tags?post=527"}],"curies":[{"name":"wp","href":"https:\/\/api.w.org\/{rel}","templated":true}]}}