{"id":453,"date":"2020-03-11T15:34:27","date_gmt":"2020-03-11T15:34:27","guid":{"rendered":"http:\/\/www.bajrak.info\/?p=453"},"modified":"2020-12-17T16:37:20","modified_gmt":"2020-12-17T16:37:20","slug":"turisti-mund-te-qendroj-me-shume-se-90-dite-per-shkat-te-covid-19","status":"publish","type":"post","link":"https:\/\/www.bajrak.info\/sq\/2020\/03\/11\/turisti-mund-te-qendroj-me-shume-se-90-dite-per-shkat-te-covid-19\/","title":{"rendered":"Turisti ?? mund t\u00eb q\u00ebndroj m\u00eb shum\u00eb se 90 dit\u00eb p\u00ebr shkat t\u00eb COVID-19 ?"},"content":{"rendered":"\n<p>Sapo u&nbsp; izolua Italia me Dekretin nr\u00b0 14 t\u00eb K\u00ebshillit t\u00eb Ministrave t\u00eb Republik\u00ebs Italiane i cili hyri n\u00eb fuqi menj\u00ebher\u00eb pra me 10\/03\/20<br><\/p>\n\n\n\n<p>Shum\u00eb telefonata dhe kerkesa na arriten me pyetjen: Po mbaron 90ditshi gjat\u00eb kohes q\u00eb jemi t\u00eb izoluar n\u00eb Itali, mund t\u00eb presim t\u00eb normalizohet gjenja dhe t\u00eb kthehemi n\u00eb shqiperi pasi ka mbaruar emergjenca?<br><\/p>\n\n\n\n<p>Pyetja \u00ebsht\u00eb normale dhe shum\u00eb qytetare presin nj\u00eb pergjigje.<br><\/p>\n\n\n\n<p>Pasi lexuam dekretin dhe udhezimet e autoriteteve italiane dhe pasi kontaktuam autoritetet kufitare italiane arritem n\u00eb konkluzion se turistet shqiptare q\u00eb gjenden n\u00eb itali mund t\u00eb kthehen n\u00eb atdhe sapo t\u00eb perfundoj\u00eb  masat shtr\u00ebnguese q\u00eb kufizojn\u00eb edhe lirin\u00eb e individ\u00ebve t\u00eb l\u00ebvizin lirsh\u00ebm .<br><\/p>\n\n\n\n<p>Racomandohet t\u00eb mbajn\u00eb prova q\u00eb kishin bileten e kthimit dhe menj\u00ebher\u00eb sapo t\u00eb normalizohet gjendja t\u00eb kthehen mbrapsht.<\/p>\n\n\n\n<p>Legjislacioni italian disiplinon mosrespektimin e afateve t\u00eb daljes nga Italia me art. 13, d. lgs. 286\/98.  Mund t\u00eb themi se ky artikull  nuk \u00ebsht\u00eb i vlefshem derisa  bashk\u00ebatdhetar\u00ebt n\u00eb Itali nuk mund t\u00eb udhetojn\u00eb p\u00ebr forca madhora dhe nderprerje e   trasportit ajror edhe detar.<\/p>\n\n\n\n<p><em>Nenvizojm\u00eb dhe rakomandojm\u00eb se p\u00ebr lajme zyrtare ti drejtoheni dhe ti p\u00ebrmbaheni autoriteteve italiane dhe shqiptare.<\/em><\/p>\n\n\n\n<p><em> Ne jemi t\u00eb p\u00ebrkushtuar q\u00eb t\u00eb azhurnojm\u00eb k\u00ebt\u00eb postim posa t\u00eb kemi indikacione t\u00eb reja!<\/em><\/p>\n\n\n\n<p><em> <\/em><\/p>\n\n\n\n<figure class=\"wp-block-image size-large\"><img fetchpriority=\"high\" decoding=\"async\" width=\"2816\" height=\"1878\" src=\"https:\/\/i0.wp.com\/www.bajrak.info\/wp-content\/uploads\/2020\/03\/turisti-shqiptare.png?fit=1024%2C683\" alt=\"\" class=\"wp-image-454\" srcset=\"https:\/\/i0.wp.com\/www.bajrak.info\/wp-content\/uploads\/2020\/03\/turisti-shqiptare.png?w=2816&amp;ssl=1 2816w, https:\/\/i0.wp.com\/www.bajrak.info\/wp-content\/uploads\/2020\/03\/turisti-shqiptare.png?resize=300%2C200&amp;ssl=1 300w, https:\/\/i0.wp.com\/www.bajrak.info\/wp-content\/uploads\/2020\/03\/turisti-shqiptare.png?resize=1024%2C683&amp;ssl=1 1024w, https:\/\/i0.wp.com\/www.bajrak.info\/wp-content\/uploads\/2020\/03\/turisti-shqiptare.png?resize=768%2C512&amp;ssl=1 768w, https:\/\/i0.wp.com\/www.bajrak.info\/wp-content\/uploads\/2020\/03\/turisti-shqiptare.png?resize=1536%2C1024&amp;ssl=1 1536w, https:\/\/i0.wp.com\/www.bajrak.info\/wp-content\/uploads\/2020\/03\/turisti-shqiptare.png?resize=2048%2C1366&amp;ssl=1 2048w, https:\/\/i0.wp.com\/www.bajrak.info\/wp-content\/uploads\/2020\/03\/turisti-shqiptare.png?resize=1100%2C734&amp;ssl=1 1100w, https:\/\/i0.wp.com\/www.bajrak.info\/wp-content\/uploads\/2020\/03\/turisti-shqiptare.png?w=2200&amp;ssl=1 2200w\" sizes=\"(max-width: 1100px) 100vw, 1100px\" \/><\/figure>\n\n\n\n<blockquote class=\"wp-block-quote is-layout-flow wp-block-quote-is-layout-flow\"><p>Urdh\u00ebron ai q\u00eb mundet dhe bindet ai q\u00eb do.<\/p><cite>  Alessandro Manzoni <\/cite><\/blockquote>\n","protected":false},"excerpt":{"rendered":"<p>Sapo u&nbsp; izolua Italia me Dekretin nr\u00b0 14 t\u00eb K\u00ebshillit t\u00eb Ministrave t\u00eb Republik\u00ebs Italiane i cili hyri n\u00eb fuqi menj\u00ebher\u00eb pra me 10\/03\/20 Shum\u00eb telefonata dhe kerkesa na arriten me pyetjen: Po mbaron 90ditshi gjat\u00eb kohes q\u00eb jemi t\u00eb izoluar n\u00eb Itali, mund t\u00eb presim t\u00eb normalizohet gjenja dhe t\u00eb kthehemi n\u00eb shqiperi pasi &hellip; <a href=\"https:\/\/www.bajrak.info\/sq\/2020\/03\/11\/turisti-mund-te-qendroj-me-shume-se-90-dite-per-shkat-te-covid-19\/\" class=\"more-link\">Continue reading <span class=\"screen-reader-text\">Turisti ?? mund t\u00eb q\u00ebndroj m\u00eb shum\u00eb se 90 dit\u00eb p\u00ebr shkat t\u00eb COVID-19 ?<\/span> <span class=\"meta-nav\">&rarr;<\/span><\/a><\/p>\n","protected":false},"author":1,"featured_media":0,"comment_status":"open","ping_status":"open","sticky":false,"template":"","format":"standard","meta":{"advanced_seo_description":"","jetpack_seo_html_title":"","jetpack_seo_noindex":false,"jetpack_post_was_ever_published":false,"_jetpack_newsletter_access":"","_jetpack_dont_email_post_to_subs":false,"_jetpack_newsletter_tier_id":0,"_jetpack_memberships_contains_paywalled_content":false,"_jetpack_memberships_contains_paid_content":false,"footnotes":"","jetpack_publicize_message":"","jetpack_publicize_feature_enabled":true,"jetpack_social_post_already_shared":true,"jetpack_social_options":{"image_generator_settings":{"template":"highway","default_image_id":0,"font":"","enabled":false},"version":2}},"categories":[182],"tags":[192],"class_list":["post-453","post","type-post","status-publish","format-standard","hentry","category-udhetime","tag-turizem-sq","has-post-thumbnail","fallback-thumbnail"],"jetpack_publicize_connections":[],"jetpack_featured_media_url":"","jetpack_shortlink":"https:\/\/wp.me\/paTA3x-7j","jetpack_sharing_enabled":true,"jetpack_likes_enabled":true,"_links":{"self":[{"href":"https:\/\/www.bajrak.info\/sq\/wp-json\/wp\/v2\/posts\/453","targetHints":{"allow":["GET"]}}],"collection":[{"href":"https:\/\/www.bajrak.info\/sq\/wp-json\/wp\/v2\/posts"}],"about":[{"href":"https:\/\/www.bajrak.info\/sq\/wp-json\/wp\/v2\/types\/post"}],"author":[{"embeddable":true,"href":"https:\/\/www.bajrak.info\/sq\/wp-json\/wp\/v2\/users\/1"}],"replies":[{"embeddable":true,"href":"https:\/\/www.bajrak.info\/sq\/wp-json\/wp\/v2\/comments?post=453"}],"version-history":[{"count":2,"href":"https:\/\/www.bajrak.info\/sq\/wp-json\/wp\/v2\/posts\/453\/revisions"}],"predecessor-version":[{"id":457,"href":"https:\/\/www.bajrak.info\/sq\/wp-json\/wp\/v2\/posts\/453\/revisions\/457"}],"wp:attachment":[{"href":"https:\/\/www.bajrak.info\/sq\/wp-json\/wp\/v2\/media?parent=453"}],"wp:term":[{"taxonomy":"category","embeddable":true,"href":"https:\/\/www.bajrak.info\/sq\/wp-json\/wp\/v2\/categories?post=453"},{"taxonomy":"post_tag","embeddable":true,"href":"https:\/\/www.bajrak.info\/sq\/wp-json\/wp\/v2\/tags?post=453"}],"curies":[{"name":"wp","href":"https:\/\/api.w.org\/{rel}","templated":true}]}}