{"id":1700,"date":"2026-02-17T17:44:32","date_gmt":"2026-02-17T17:44:32","guid":{"rendered":"https:\/\/www.bajrak.info\/?p=1700"},"modified":"2026-04-30T15:10:16","modified_gmt":"2026-04-30T15:10:16","slug":"cilat-pasaporta-dhe-id-jane-gati-ne-itali","status":"publish","type":"post","link":"https:\/\/www.bajrak.info\/sq\/2026\/02\/17\/cilat-pasaporta-dhe-id-jane-gati-ne-itali\/","title":{"rendered":"Cilat pasaporta dhe ID jan\u00eb gati n\u00eb Itali?"},"content":{"rendered":"\n<p>\u00c7do dit\u00eb qindra bashk\u00eb atdhetar\u00eb aplikojn\u00eb p\u00ebr rinovimin e dokumentit biometrik\u00eb n\u00eb Itali.<\/p>\n\n\n\n<p><strong>K\u00ebtu p\u00ebrpiq\u00ebmi t\u00eb publikojm\u00eb datat e pasaportave q\u00eb kan\u00eb mb\u00ebrriur n\u00eb Itali duke u bazuar n\u00eb njoftimet e faqeve zyrtare t\u00eb autoriteteve Shqiptare n\u00eb Itali.<\/strong><\/p>\n\n\n\n<p>Konsullata e P\u00ebrgjithshme e Republik\u00ebs s\u00eb Shqip\u00ebris\u00eb n\u00eb&nbsp;<strong>Milano<\/strong><\/p>\n\n\n\n<p>njofton se jan\u00eb gati p\u00ebr ata q\u00eb kan\u00eb aplikuar deri me dat\u00ebn\u00a0<strong><strong><strong><strong><strong><strong><strong><strong>17\/04\/2026<\/strong><\/strong><\/strong><\/strong><\/strong><\/strong><\/strong><\/strong><\/p>\n\n\n\n<p>( p\u00ebrfshir\u00eb edhe k\u00ebt\u00eb dat\u00eb )<\/p>\n\n\n\n<p>\u2013<\/p>\n\n\n\n<p>Konsullata e P\u00ebrgjithshme e Republik\u00ebs s\u00eb Shqip\u00ebris\u00eb n\u00eb&nbsp;<strong>Bari<\/strong>&nbsp;&nbsp;<\/p>\n\n\n\n<p>njofton se jan\u00eb gati p\u00ebr ata q\u00eb kan\u00eb aplikuar deri me dat\u00ebn\u00a0<strong><strong><strong><strong><strong><strong><strong><strong><strong><strong><strong><strong><strong><strong><strong><strong><strong><strong><strong><strong><strong><strong><strong><strong><strong><strong><strong><strong><strong><strong><strong><strong><strong><strong><strong><strong><strong><strong><strong><strong><strong><strong><strong><strong><strong><strong><strong><strong><strong><strong><strong><strong>17\/04\/2026<\/strong><\/strong><\/strong><\/strong><\/strong><\/strong><\/strong><\/strong><\/strong><\/strong><\/strong><\/strong><\/strong><\/strong><\/strong><\/strong><\/strong><\/strong><\/strong><\/strong><\/strong><\/strong><\/strong><\/strong><\/strong><\/strong><\/strong><\/strong><\/strong><\/strong><\/strong><\/strong><\/strong><\/strong><\/strong><\/strong><\/strong><\/strong><\/strong><\/strong><\/strong><\/strong><\/strong><\/strong><\/strong><\/strong><\/strong><\/strong><\/strong><\/strong><\/strong><\/strong><\/p>\n\n\n\n<p>( p\u00ebrfshir\u00eb edhe k\u00ebt\u00eb dat\u00eb )<\/p>\n\n\n\n<p>\u2013<\/p>\n\n\n\n<p>Ambasada e Shqip\u00ebris\u00eb n\u00eb Itali\/<strong>Rom\u00eb&nbsp;<strong><strong><strong><strong><strong><strong><strong><strong><strong><strong><strong><strong><strong><strong><strong><strong><strong><strong><strong><strong><strong><strong><strong><strong>&nbsp;<strong>&nbsp;<\/strong><\/strong><\/strong><\/strong><\/strong><\/strong><\/strong><\/strong><\/strong><\/strong><\/strong><\/strong><\/strong><\/strong><\/strong><\/strong><\/strong><\/strong><\/strong><\/strong><\/strong><\/strong><\/strong><\/strong><\/strong><\/strong><\/p>\n\n\n\n<p>njofton se jan\u00eb gati p\u00ebr ata q\u00eb kan\u00eb aplikuar deri me dat\u00ebn <strong><strong><strong><strong><strong><strong><strong><strong><strong><strong><strong><strong><strong><strong><strong><strong><strong><strong><strong><strong><strong><strong><strong><strong><strong><strong><strong><strong><strong><strong><strong><strong><strong><strong><strong><strong><strong><strong><strong><strong>17\/04\/2026<\/strong><\/strong><\/strong><\/strong><\/strong><\/strong><\/strong><\/strong><\/strong><\/strong><\/strong><\/strong><\/strong><\/strong><\/strong><\/strong><\/strong><\/strong><\/strong><\/strong><\/strong><\/strong><\/strong><\/strong><\/strong><\/strong><\/strong><\/strong><\/strong><\/strong><\/strong><\/strong><\/strong><\/strong><\/strong><\/strong><\/strong><\/strong><\/strong><\/strong><\/p>\n\n\n\n<p>( p\u00ebrfshir\u00eb edhe k\u00ebt\u00eb dat\u00eb )<\/p>\n\n\n\n<figure class=\"wp-block-pullquote\"><blockquote><p>N\u00ebse keni nevoj\u00eb p\u00ebr ndihm\u00eb, informacione private dhe cil\u00ebsore Ju mir\u00ebpresim n\u00eb:<\/p><cite>   #Bajrak  +393516661010<\/cite><\/blockquote><\/figure>\n\n\n\n<figure class=\"wp-block-image size-large\"><img data-recalc-dims=\"1\" fetchpriority=\"high\" decoding=\"async\" width=\"1024\" height=\"643\" src=\"https:\/\/i0.wp.com\/www.bajrak.info\/wp-content\/uploads\/2023\/07\/passaporo-albanese-in-italia.jpg?resize=1024%2C643&#038;ssl=1\" alt=\"\" class=\"wp-image-1701\" srcset=\"https:\/\/i0.wp.com\/www.bajrak.info\/wp-content\/uploads\/2023\/07\/passaporo-albanese-in-italia-scaled.jpg?resize=1024%2C643&amp;ssl=1 1024w, https:\/\/i0.wp.com\/www.bajrak.info\/wp-content\/uploads\/2023\/07\/passaporo-albanese-in-italia-scaled.jpg?resize=300%2C188&amp;ssl=1 300w, https:\/\/i0.wp.com\/www.bajrak.info\/wp-content\/uploads\/2023\/07\/passaporo-albanese-in-italia-scaled.jpg?resize=768%2C482&amp;ssl=1 768w, https:\/\/i0.wp.com\/www.bajrak.info\/wp-content\/uploads\/2023\/07\/passaporo-albanese-in-italia-scaled.jpg?resize=1536%2C965&amp;ssl=1 1536w, https:\/\/i0.wp.com\/www.bajrak.info\/wp-content\/uploads\/2023\/07\/passaporo-albanese-in-italia-scaled.jpg?resize=2048%2C1286&amp;ssl=1 2048w, https:\/\/i0.wp.com\/www.bajrak.info\/wp-content\/uploads\/2023\/07\/passaporo-albanese-in-italia-scaled.jpg?resize=900%2C565&amp;ssl=1 900w, https:\/\/i0.wp.com\/www.bajrak.info\/wp-content\/uploads\/2023\/07\/passaporo-albanese-in-italia-scaled.jpg?resize=1100%2C691&amp;ssl=1 1100w, https:\/\/i0.wp.com\/www.bajrak.info\/wp-content\/uploads\/2023\/07\/passaporo-albanese-in-italia-scaled.jpg?w=2200&amp;ssl=1 2200w\" sizes=\"(max-width: 1024px) 100vw, 1024px\" \/><\/figure>\n\n\n\n<figure class=\"wp-block-pullquote\"><blockquote><p>proverbio albanese<\/p><cite>Gur gur b\u00ebhet mur, mur mur b\u00ebhet kala.<br>Pietra su pietra si alza un muro, muro su muro si innalza il castello.<\/cite><\/blockquote><\/figure>\n","protected":false},"excerpt":{"rendered":"<p>\u00c7do dit\u00eb qindra bashk\u00eb atdhetar\u00eb aplikojn\u00eb p\u00ebr rinovimin e dokumentit biometrik\u00eb n\u00eb Itali. K\u00ebtu p\u00ebrpiq\u00ebmi t\u00eb publikojm\u00eb datat e pasaportave q\u00eb kan\u00eb mb\u00ebrriur n\u00eb Itali duke u bazuar n\u00eb njoftimet e faqeve zyrtare t\u00eb autoriteteve Shqiptare n\u00eb Itali. Konsullata e P\u00ebrgjithshme e Republik\u00ebs s\u00eb Shqip\u00ebris\u00eb n\u00eb&nbsp;Milano njofton se jan\u00eb gati p\u00ebr ata q\u00eb kan\u00eb aplikuar &hellip; <a href=\"https:\/\/www.bajrak.info\/sq\/2026\/02\/17\/cilat-pasaporta-dhe-id-jane-gati-ne-itali\/\" class=\"more-link\">Continue reading <span class=\"screen-reader-text\">Cilat pasaporta dhe ID jan\u00eb gati n\u00eb Itali?<\/span> <span class=\"meta-nav\">&rarr;<\/span><\/a><\/p>\n","protected":false},"author":1,"featured_media":0,"comment_status":"closed","ping_status":"open","sticky":false,"template":"","format":"standard","meta":{"advanced_seo_description":"","jetpack_seo_html_title":"","jetpack_seo_noindex":false,"jetpack_post_was_ever_published":false,"_jetpack_newsletter_access":"","_jetpack_dont_email_post_to_subs":false,"_jetpack_newsletter_tier_id":0,"_jetpack_memberships_contains_paywalled_content":false,"_jetpack_memberships_contains_paid_content":false,"footnotes":"","jetpack_publicize_message":"","jetpack_publicize_feature_enabled":true,"jetpack_social_post_already_shared":true,"jetpack_social_options":{"image_generator_settings":{"template":"highway","default_image_id":0,"font":"","enabled":false},"version":2}},"categories":[203,169],"tags":[171,175,176],"class_list":["post-1700","post","type-post","status-publish","format-standard","hentry","category-pasaporta","category-shko-sq","tag-ambasada-shqiptare-ne-rome-sq","tag-konsullata-shqiptare-ne-bari-sq","tag-konsullata-shqiptare-ne-milano-sq","has-post-thumbnail","fallback-thumbnail"],"jetpack_publicize_connections":[],"jetpack_featured_media_url":"","jetpack_shortlink":"https:\/\/wp.me\/paTA3x-rq","jetpack_sharing_enabled":true,"jetpack_likes_enabled":true,"_links":{"self":[{"href":"https:\/\/www.bajrak.info\/sq\/wp-json\/wp\/v2\/posts\/1700","targetHints":{"allow":["GET"]}}],"collection":[{"href":"https:\/\/www.bajrak.info\/sq\/wp-json\/wp\/v2\/posts"}],"about":[{"href":"https:\/\/www.bajrak.info\/sq\/wp-json\/wp\/v2\/types\/post"}],"author":[{"embeddable":true,"href":"https:\/\/www.bajrak.info\/sq\/wp-json\/wp\/v2\/users\/1"}],"replies":[{"embeddable":true,"href":"https:\/\/www.bajrak.info\/sq\/wp-json\/wp\/v2\/comments?post=1700"}],"version-history":[{"count":107,"href":"https:\/\/www.bajrak.info\/sq\/wp-json\/wp\/v2\/posts\/1700\/revisions"}],"predecessor-version":[{"id":2715,"href":"https:\/\/www.bajrak.info\/sq\/wp-json\/wp\/v2\/posts\/1700\/revisions\/2715"}],"wp:attachment":[{"href":"https:\/\/www.bajrak.info\/sq\/wp-json\/wp\/v2\/media?parent=1700"}],"wp:term":[{"taxonomy":"category","embeddable":true,"href":"https:\/\/www.bajrak.info\/sq\/wp-json\/wp\/v2\/categories?post=1700"},{"taxonomy":"post_tag","embeddable":true,"href":"https:\/\/www.bajrak.info\/sq\/wp-json\/wp\/v2\/tags?post=1700"}],"curies":[{"name":"wp","href":"https:\/\/api.w.org\/{rel}","templated":true}]}}