{"id":1641,"date":"2023-05-11T07:19:01","date_gmt":"2023-05-11T07:19:01","guid":{"rendered":"https:\/\/www.bajrak.info\/?p=1641"},"modified":"2023-05-11T07:19:08","modified_gmt":"2023-05-11T07:19:08","slug":"wizz-air-zgjerohet-me-tej-ne-shqiperi-me-avionin-e-11-te-ne-bazen-e-tij-ne-tirane","status":"publish","type":"post","link":"https:\/\/www.bajrak.info\/sq\/2023\/05\/11\/wizz-air-zgjerohet-me-tej-ne-shqiperi-me-avionin-e-11-te-ne-bazen-e-tij-ne-tirane\/","title":{"rendered":"WIZZ AIR ZGJEROHET M\u00cb TEJ N\u00cb SHQIP\u00cbRI ME AVIONIN E 11-t\u00eb N\u00cb BAZ\u00cbN E TIJ N\u00cb TIRAN\u00cb"},"content":{"rendered":"\n<p>Tiran\u00eb, 10 maj 2023: Wizz Air, linja ajrore m\u00eb e madhe e Shqip\u00ebris\u00eb dhe linja ajrore m\u00eb e q\u00ebndrueshme p\u00ebr mjedisin n\u00eb bot\u00eb*, njofton sot zgjerimin e m\u00ebtejsh\u00ebm nga Shqip\u00ebria, duke caktuar edhe nj\u00eb avion tjet\u00ebr n\u00eb baz\u00ebn e saj n\u00eb Tiran\u00eb. A321neo m\u00eb i avancuar do t\u00eb rris\u00eb kapacitetin e linj\u00ebs ajrore dhe do t&#8217;i jap\u00eb nj\u00eb shtys\u00eb ekonomis\u00eb lokale. Kjo ardhje e re po mund\u00ebson nisjen e dy linjave direkte <a><\/a>unike drejt Bremenit dhe Valencias, duke filluar nga dimri I 2023, si dhe rritje t\u00eb frekuenc\u00ebs n\u00eb dhjet\u00eb linja. Nj\u00eb tjet\u00ebr rrug\u00eb unike p\u00ebr n\u00eb Selanik do t\u00eb nis\u00eb n\u00eb gusht 2023. Biletat jan\u00eb tashm\u00eb t\u00eb disponueshme n\u00eb <a href=\"https:\/\/l.facebook.com\/l.php?u=http%3A%2F%2Fwizzair.com%2F%3Ffbclid%3DIwAR3FFkjXsXAd7T2aYCwcUIbTIF6hQ80xjwtx0HTo0_kXqCfegWcc69JloW0&amp;h=AT26aTdxmC2x0GCliRm8AXuS_e17rKoHESqBMwAB5JHyXz6mHWIVthopqw4iKabtsJpMmUn-diHIDpUgJa9ELDj-5zgfxBT_-hPjYCebwEV5j-KoK6vFDLiqxtqssgC051q4wkDQ4G0Uez0AIHXk&amp;__tn__=-UK-R&amp;c[0]=AT1Q__iaRLvDCj3P7PMNufx_294vzlj6iIVhCME9dgx04pnxsL3eKYs8JY1X7Fq30Jv2s-C5GhCdTtkrQ34Yp6sgDl8pcVWeBuLsMGA0EOtKcf-RhDZHZEY9Hi5Mj-jW44YrdAelbUd7-aDN7W-D_y60dXlLpZteo5qK3QHeRArIPmHdiTEon7dKL2m2OjRE7461Ec36IAxERn_feA\" rel=\"noreferrer noopener\" target=\"_blank\">wizzair.com<\/a> ose n\u00eb aplikacionin celular t\u00eb Wizz Air.<\/p>\n\n\n\n<p>Ardhja e nj\u00eb avioni tjet\u00ebr n\u00eb Tiran\u00eb do t\u00eb rris\u00eb baz\u00ebn e Wizz Air n\u00eb 11 avion\u00eb. Duke filluar nga sezoni dim\u00ebror i vitit 2023, pasagjer\u00ebt do t\u00eb mund t\u00eb fluturojn\u00eb me Wizz Air nga Tirana n\u00eb Bremen (Gjermani) dhe Valencia (Spanj\u00eb). P\u00ebr m\u00eb tep\u00ebr, kapaciteti shtes\u00eb i lejon Wizz Air t\u00eb rris\u00eb frekuenc\u00ebn e fluturimeve nga baza e saj n\u00eb Tiran\u00eb n\u00eb Milano Malpensa, Bari, Venecia Treviso, Torino, Ancona (Itali), Bruksel Charleroi (Belgjik\u00eb), Athin\u00eb (Greqi), Paris Beauvais, Bazel-Mulhouse-Freiburg (Franc\u00eb) dhe Baden-Baden (Gjermani).<\/p>\n\n\n\n<p>Krahas k\u00ebtij zgjerimi, kompania ka nisur nj\u00eb linj\u00eb tjet\u00ebr nga Tirana n\u00eb Selanik (Greqi), e cila do t\u00eb jet\u00eb n\u00eb dispozicion t\u00eb pasagjer\u00ebve nga data 14 gusht 2023. Linja do t\u00eb operohet kat\u00ebr her\u00eb n\u00eb jav\u00eb, t\u00eb h\u00ebn\u00ebn, t\u00eb m\u00ebrkur\u00ebn, t\u00eb premten dhe t\u00eb diel\u00ebn, me tarifa duke filluar nga 19.99 EURO.<\/p>\n\n\n\n<p>Kjo l\u00ebvizje e \u00e7on numrin total t\u00eb linjave ajrore nga Shqip\u00ebria n\u00eb 56, duke p\u00ebrfshir\u00eb tre t\u00eb reja t\u00eb shpallura rishtazi. Vendimi p\u00ebr caktimin e avion\u00ebve t\u00eb rinj n\u00eb Tiran\u00eb \u00ebsht\u00eb pjes\u00eb e angazhimit t\u00eb vazhduesh\u00ebm t\u00eb linj\u00ebs ajrore p\u00ebr t\u00eb zgjeruar flutuimet e saj n\u00eb Shqip\u00ebri. Duke sh\u00ebrbyer si nj\u00eb investim i r\u00ebnd\u00ebsish\u00ebm n\u00eb ekonomin\u00eb vendase, kjo ardhje e re do t\u00eb krijoj\u00eb dhjet\u00ebra vende t\u00eb reja pune direkte dhe indirekte n\u00eb vend, duke p\u00ebrfshir\u00eb pozicione p\u00ebr pilot\u00ebt, ekuipazhin e kabin\u00ebs dhe stafin e transportit tok\u00ebsor, p\u00ebrve\u00e7 mbi 300 njer\u00ebzve t\u00eb pun\u00ebsuar tashm\u00eb drejtp\u00ebrdrejt nga Wizz Air n\u00eb Shqip\u00ebri. P\u00ebr m\u00eb tep\u00ebr, rritja e kapaciteteve pritet t\u00eb t\u00ebrheq\u00eb m\u00eb shum\u00eb vizitor\u00eb n\u00eb Shqip\u00ebri, duke nxitur turizmin dhe duke krijuar mund\u00ebsi t\u00eb reja biznesi p\u00ebr kompanit\u00eb vendase.<\/p>\n\n\n\n<p>burimi: TIA<\/p>\n\n\n\n<figure class=\"wp-block-image size-large\"><img data-recalc-dims=\"1\" fetchpriority=\"high\" decoding=\"async\" width=\"1024\" height=\"683\" src=\"https:\/\/i0.wp.com\/www.bajrak.info\/wp-content\/uploads\/2023\/05\/wizz-air-albania-tirana.jpg?resize=1024%2C683&#038;ssl=1\" alt=\"\" class=\"wp-image-1642\" srcset=\"https:\/\/i0.wp.com\/www.bajrak.info\/wp-content\/uploads\/2023\/05\/wizz-air-albania-tirana-scaled.jpg?resize=1024%2C683&amp;ssl=1 1024w, https:\/\/i0.wp.com\/www.bajrak.info\/wp-content\/uploads\/2023\/05\/wizz-air-albania-tirana-scaled.jpg?resize=300%2C200&amp;ssl=1 300w, https:\/\/i0.wp.com\/www.bajrak.info\/wp-content\/uploads\/2023\/05\/wizz-air-albania-tirana-scaled.jpg?resize=768%2C512&amp;ssl=1 768w, https:\/\/i0.wp.com\/www.bajrak.info\/wp-content\/uploads\/2023\/05\/wizz-air-albania-tirana-scaled.jpg?resize=1536%2C1024&amp;ssl=1 1536w, https:\/\/i0.wp.com\/www.bajrak.info\/wp-content\/uploads\/2023\/05\/wizz-air-albania-tirana-scaled.jpg?resize=2048%2C1365&amp;ssl=1 2048w, https:\/\/i0.wp.com\/www.bajrak.info\/wp-content\/uploads\/2023\/05\/wizz-air-albania-tirana-scaled.jpg?resize=900%2C600&amp;ssl=1 900w, https:\/\/i0.wp.com\/www.bajrak.info\/wp-content\/uploads\/2023\/05\/wizz-air-albania-tirana-scaled.jpg?resize=1100%2C733&amp;ssl=1 1100w, https:\/\/i0.wp.com\/www.bajrak.info\/wp-content\/uploads\/2023\/05\/wizz-air-albania-tirana-scaled.jpg?w=2200&amp;ssl=1 2200w\" sizes=\"(max-width: 1024px) 100vw, 1024px\" \/><\/figure>\n\n\n\n<blockquote class=\"wp-block-quote has-text-align-right is-style-default is-layout-flow wp-block-quote-is-layout-flow\">\n<p class=\"has-text-align-right\">O njeri! Udh\u00ebto nga vetja jote te vetja jote.<\/p>\n<cite><em>Rumi<\/em><\/cite><\/blockquote>\n","protected":false},"excerpt":{"rendered":"<p>Tiran\u00eb, 10 maj 2023: Wizz Air, linja ajrore m\u00eb e madhe e Shqip\u00ebris\u00eb dhe linja ajrore m\u00eb e q\u00ebndrueshme p\u00ebr mjedisin n\u00eb bot\u00eb*, njofton sot zgjerimin e m\u00ebtejsh\u00ebm nga Shqip\u00ebria, duke caktuar edhe nj\u00eb avion tjet\u00ebr n\u00eb baz\u00ebn e saj n\u00eb Tiran\u00eb. A321neo m\u00eb i avancuar do t\u00eb rris\u00eb kapacitetin e linj\u00ebs ajrore dhe do &hellip; <a href=\"https:\/\/www.bajrak.info\/sq\/2023\/05\/11\/wizz-air-zgjerohet-me-tej-ne-shqiperi-me-avionin-e-11-te-ne-bazen-e-tij-ne-tirane\/\" class=\"more-link\">Continue reading <span class=\"screen-reader-text\">WIZZ AIR ZGJEROHET M\u00cb TEJ N\u00cb SHQIP\u00cbRI ME AVIONIN E 11-t\u00eb N\u00cb BAZ\u00cbN E TIJ N\u00cb TIRAN\u00cb<\/span> <span class=\"meta-nav\">&rarr;<\/span><\/a><\/p>\n","protected":false},"author":1,"featured_media":0,"comment_status":"closed","ping_status":"open","sticky":false,"template":"","format":"standard","meta":{"advanced_seo_description":"","jetpack_seo_html_title":"","jetpack_seo_noindex":false,"jetpack_post_was_ever_published":false,"_jetpack_newsletter_access":"","_jetpack_dont_email_post_to_subs":false,"_jetpack_newsletter_tier_id":0,"_jetpack_memberships_contains_paywalled_content":false,"_jetpack_memberships_contains_paid_content":false,"footnotes":"","jetpack_publicize_message":"","jetpack_publicize_feature_enabled":true,"jetpack_social_post_already_shared":true,"jetpack_social_options":{"image_generator_settings":{"template":"highway","default_image_id":0,"font":"","enabled":false},"version":2}},"categories":[182],"tags":[],"class_list":["post-1641","post","type-post","status-publish","format-standard","hentry","category-udhetime","has-post-thumbnail","fallback-thumbnail"],"jetpack_publicize_connections":[],"jetpack_featured_media_url":"","jetpack_shortlink":"https:\/\/wp.me\/paTA3x-qt","jetpack_sharing_enabled":true,"jetpack_likes_enabled":true,"_links":{"self":[{"href":"https:\/\/www.bajrak.info\/sq\/wp-json\/wp\/v2\/posts\/1641","targetHints":{"allow":["GET"]}}],"collection":[{"href":"https:\/\/www.bajrak.info\/sq\/wp-json\/wp\/v2\/posts"}],"about":[{"href":"https:\/\/www.bajrak.info\/sq\/wp-json\/wp\/v2\/types\/post"}],"author":[{"embeddable":true,"href":"https:\/\/www.bajrak.info\/sq\/wp-json\/wp\/v2\/users\/1"}],"replies":[{"embeddable":true,"href":"https:\/\/www.bajrak.info\/sq\/wp-json\/wp\/v2\/comments?post=1641"}],"version-history":[{"count":1,"href":"https:\/\/www.bajrak.info\/sq\/wp-json\/wp\/v2\/posts\/1641\/revisions"}],"predecessor-version":[{"id":1644,"href":"https:\/\/www.bajrak.info\/sq\/wp-json\/wp\/v2\/posts\/1641\/revisions\/1644"}],"wp:attachment":[{"href":"https:\/\/www.bajrak.info\/sq\/wp-json\/wp\/v2\/media?parent=1641"}],"wp:term":[{"taxonomy":"category","embeddable":true,"href":"https:\/\/www.bajrak.info\/sq\/wp-json\/wp\/v2\/categories?post=1641"},{"taxonomy":"post_tag","embeddable":true,"href":"https:\/\/www.bajrak.info\/sq\/wp-json\/wp\/v2\/tags?post=1641"}],"curies":[{"name":"wp","href":"https:\/\/api.w.org\/{rel}","templated":true}]}}