{"id":1005,"date":"2021-04-22T07:10:58","date_gmt":"2021-04-22T07:10:58","guid":{"rendered":"https:\/\/www.bajrak.info\/?p=1005"},"modified":"2021-04-22T07:11:06","modified_gmt":"2021-04-22T07:11:06","slug":"aeroporti-i-rinasit-njoftim-nga-neser-duhet-te-paraqisni","status":"publish","type":"post","link":"https:\/\/www.bajrak.info\/sq\/2021\/04\/22\/aeroporti-i-rinasit-njoftim-nga-neser-duhet-te-paraqisni\/","title":{"rendered":"Aeroporti i Rinasit, njoftim: nga nes\u00ebr duhet t\u00eb paraqisni\u2026"},"content":{"rendered":"\n<p>Aeroporti Nd\u00ebrkomb\u00ebtar i Tiran\u00ebs ka nj\u00eb lajm\u00ebrim p\u00ebr t\u00eb gjith\u00eb qytetar\u00ebt q\u00eb do t\u00eb udh\u00ebtojn\u00eb drejt Italis\u00eb. N\u00eb nj\u00eb njoftim n\u00eb rrjete sociale TIA njofton se sipas nj\u00eb njoftimi nga autoritet shtet\u00ebrore italiane, duke filluar nga dita e nes\u00ebrme, dat\u00eb 22 prill deri m\u00eb dat\u00eb 30 prill, pasagjer\u00ebt q\u00eb do t\u00eb udh\u00ebtojn\u00eb drejt Italis\u00eb do t\u00eb duhet t\u00eb paraqesin tamponin negativ t\u00eb Covodi-19, t\u00eb 48 or\u00ebve t\u00eb fundit, ose testin antigen<\/p>\n\n\n\n<figure class=\"wp-block-image size-large\"><img data-recalc-dims=\"1\" fetchpriority=\"high\" decoding=\"async\" width=\"1024\" height=\"683\" src=\"https:\/\/i0.wp.com\/www.bajrak.info\/wp-content\/uploads\/2021\/04\/Aeroporti-Rinas.png?resize=1024%2C683&#038;ssl=1\" alt=\"\" class=\"wp-image-1006\" srcset=\"https:\/\/i0.wp.com\/www.bajrak.info\/wp-content\/uploads\/2021\/04\/Aeroporti-Rinas.png?resize=1024%2C683&amp;ssl=1 1024w, https:\/\/i0.wp.com\/www.bajrak.info\/wp-content\/uploads\/2021\/04\/Aeroporti-Rinas.png?resize=300%2C200&amp;ssl=1 300w, https:\/\/i0.wp.com\/www.bajrak.info\/wp-content\/uploads\/2021\/04\/Aeroporti-Rinas.png?resize=768%2C512&amp;ssl=1 768w, https:\/\/i0.wp.com\/www.bajrak.info\/wp-content\/uploads\/2021\/04\/Aeroporti-Rinas.png?resize=1536%2C1024&amp;ssl=1 1536w, https:\/\/i0.wp.com\/www.bajrak.info\/wp-content\/uploads\/2021\/04\/Aeroporti-Rinas.png?resize=2048%2C1366&amp;ssl=1 2048w, https:\/\/i0.wp.com\/www.bajrak.info\/wp-content\/uploads\/2021\/04\/Aeroporti-Rinas.png?resize=900%2C600&amp;ssl=1 900w, https:\/\/i0.wp.com\/www.bajrak.info\/wp-content\/uploads\/2021\/04\/Aeroporti-Rinas.png?resize=1100%2C734&amp;ssl=1 1100w, https:\/\/i0.wp.com\/www.bajrak.info\/wp-content\/uploads\/2021\/04\/Aeroporti-Rinas.png?w=2200&amp;ssl=1 2200w\" sizes=\"(max-width: 1024px) 100vw, 1024px\" \/><\/figure>\n\n\n\n<p>Rezultati i testeve k\u00ebrkohet t\u00eb jet\u00eb n\u00eb gjuhen angleze ose italiane, nd\u00ebrsa njoftohet se karantinimi i detyruar vazhdon, edhe n\u00ebse testi \u00ebsht\u00eb negativ.<\/p>\n\n\n\n<p>Postimi i plot\u00eb:<\/p>\n\n\n\n<p>N\u00eb v\u00ebmendje t\u00eb pasagjer\u00ebve q\u00eb udh\u00ebtojn\u00eb p\u00ebr n\u00eb Itali<br>Sipas njoftimit t\u00eb autoriteteve shtet\u00ebrore Italiane, nga nes\u00ebr 22 Prill 2021 deri m\u00eb 30 Prill, pasagjer\u00ebt q\u00eb udh\u00ebtojn\u00eb p\u00ebr n\u00eb Itali, duhet t\u00eb paraqesin tamponin negativ t\u00eb COVID t\u00eb 48 or\u00ebve t\u00eb fundit ose testin antigen.<br>K\u00ebrkohet me rigorozitet q\u00eb rezultati i testit t\u00eb jet\u00eb n\u00eb italisht apo anglisht nga subjektet mjek\u00ebsore t\u00eb \u00e7ertifikuara p\u00ebr k\u00ebt\u00eb test.<br>Karantinimi i detyruar vazhdon, edhe n\u00ebse testi \u00ebsht\u00eb negativ.<br>P\u00ebr m\u00eb tej vizitoni ju lutem<br>https:\/\/ambtirana.esteri.it\/\u2026\/avviso-importante-regole\u2026<br>Ju lutemi pasagjer\u00ebve t\u00eb kontaktojn\u00eb kompanit\u00eb ajrore p\u00ebrpara \u00e7do udh\u00ebtimi dhe shtetet prit\u00ebse p\u00ebr rregullat e karantin\u00ebs dhe t\u00eb respektojn\u00eb protokollet e higjen\u00ebs. Maskat jan\u00eb t\u00eb detyrueshme.<br>Lejohen t\u00eb udh\u00ebtojn\u00eb vet\u00ebm rezident\u00ebt n\u00eb Bashkimin Europian, n\u00ebnshtetasit EU dhe qytetar\u00ebt q\u00eb plot\u00ebsojn\u00eb kushtet e udh\u00ebtimit, t\u00eb p\u00ebrcaktuara nga vendet prit\u00ebse.<br>Ju faleminderit p\u00ebr bashk\u00ebpunimin.\u2800<br>Tirana International Airport<\/p>\n\n\n\n<p><\/p>\n\n\n\n<blockquote class=\"wp-block-quote is-layout-flow wp-block-quote-is-layout-flow\"><p>Zhvillimi \u00ebsht\u00eb nj\u00eb udh\u00ebtim me m\u00eb shum\u00eb t\u00eb mbyetur se lundrues. <\/p><cite><em>Eduardo Galeano<\/em><\/cite><\/blockquote>\n","protected":false},"excerpt":{"rendered":"<p>Aeroporti Nd\u00ebrkomb\u00ebtar i Tiran\u00ebs ka nj\u00eb lajm\u00ebrim p\u00ebr t\u00eb gjith\u00eb qytetar\u00ebt q\u00eb do t\u00eb udh\u00ebtojn\u00eb drejt Italis\u00eb. N\u00eb nj\u00eb njoftim n\u00eb rrjete sociale TIA njofton se sipas nj\u00eb njoftimi nga autoritet shtet\u00ebrore italiane, duke filluar nga dita e nes\u00ebrme, dat\u00eb 22 prill deri m\u00eb dat\u00eb 30 prill, pasagjer\u00ebt q\u00eb do t\u00eb udh\u00ebtojn\u00eb drejt Italis\u00eb do &hellip; <a href=\"https:\/\/www.bajrak.info\/sq\/2021\/04\/22\/aeroporti-i-rinasit-njoftim-nga-neser-duhet-te-paraqisni\/\" class=\"more-link\">Continue reading <span class=\"screen-reader-text\">Aeroporti i Rinasit, njoftim: nga nes\u00ebr duhet t\u00eb paraqisni\u2026<\/span> <span class=\"meta-nav\">&rarr;<\/span><\/a><\/p>\n","protected":false},"author":1,"featured_media":0,"comment_status":"closed","ping_status":"open","sticky":false,"template":"","format":"standard","meta":{"advanced_seo_description":"","jetpack_seo_html_title":"","jetpack_seo_noindex":false,"jetpack_post_was_ever_published":false,"_jetpack_newsletter_access":"","_jetpack_dont_email_post_to_subs":false,"_jetpack_newsletter_tier_id":0,"_jetpack_memberships_contains_paywalled_content":false,"_jetpack_memberships_contains_paid_content":false,"footnotes":"","jetpack_publicize_message":"","jetpack_publicize_feature_enabled":true,"jetpack_social_post_already_shared":true,"jetpack_social_options":{"image_generator_settings":{"template":"highway","default_image_id":0,"font":"","enabled":false},"version":2}},"categories":[182],"tags":[208,209],"class_list":["post-1005","post","type-post","status-publish","format-standard","hentry","category-udhetime","tag-aeroporti-i-rinasit","tag-aeroporti-nderkombetar-i-tiranes","has-post-thumbnail","fallback-thumbnail"],"jetpack_publicize_connections":[],"jetpack_featured_media_url":"","jetpack_shortlink":"https:\/\/wp.me\/paTA3x-gd","jetpack_sharing_enabled":true,"jetpack_likes_enabled":true,"_links":{"self":[{"href":"https:\/\/www.bajrak.info\/sq\/wp-json\/wp\/v2\/posts\/1005","targetHints":{"allow":["GET"]}}],"collection":[{"href":"https:\/\/www.bajrak.info\/sq\/wp-json\/wp\/v2\/posts"}],"about":[{"href":"https:\/\/www.bajrak.info\/sq\/wp-json\/wp\/v2\/types\/post"}],"author":[{"embeddable":true,"href":"https:\/\/www.bajrak.info\/sq\/wp-json\/wp\/v2\/users\/1"}],"replies":[{"embeddable":true,"href":"https:\/\/www.bajrak.info\/sq\/wp-json\/wp\/v2\/comments?post=1005"}],"version-history":[{"count":1,"href":"https:\/\/www.bajrak.info\/sq\/wp-json\/wp\/v2\/posts\/1005\/revisions"}],"predecessor-version":[{"id":1008,"href":"https:\/\/www.bajrak.info\/sq\/wp-json\/wp\/v2\/posts\/1005\/revisions\/1008"}],"wp:attachment":[{"href":"https:\/\/www.bajrak.info\/sq\/wp-json\/wp\/v2\/media?parent=1005"}],"wp:term":[{"taxonomy":"category","embeddable":true,"href":"https:\/\/www.bajrak.info\/sq\/wp-json\/wp\/v2\/categories?post=1005"},{"taxonomy":"post_tag","embeddable":true,"href":"https:\/\/www.bajrak.info\/sq\/wp-json\/wp\/v2\/tags?post=1005"}],"curies":[{"name":"wp","href":"https:\/\/api.w.org\/{rel}","templated":true}]}}